{"id":937,"date":"2024-03-20T06:40:51","date_gmt":"2024-03-20T09:40:51","guid":{"rendered":"http:\/\/campolargoemdestaque.com.br\/?p=937"},"modified":"2024-03-20T06:40:51","modified_gmt":"2024-03-20T09:40:51","slug":"policia-federal-indicia-bolsonaro-e-outras-16-pessoaspor-fraude-no-cartao-vacinal","status":"publish","type":"post","link":"http:\/\/campolargoemdestaque.com.br\/?p=937","title":{"rendered":"POL\u00cdCIA FEDERAL INDICIA BOLSONARO E OUTRAS 16 PESSOASPOR FRAUDE NO CART\u00c3O VACINAL"},"content":{"rendered":"\n<p>Jair Bolsonaro  outras 16 pessoas foram indiciadas pela a Pol\u00edcia<br>Federal por crimes ligados \u00e0 falsifica\u00e7\u00e3o do certificado de vacina\u00e7\u00e3o<br>para covid-19.\/ De acordo com o relat\u00f3rio da PF, partiu de Jair<br>Bolsonaro a ordem para que Mauro Cid falsificasse o certificado de<br>vacina\u00e7\u00e3o contra a covid-19 em nome dele.\/ O sigilo sobre o relat\u00f3rio da<br>PF foi retirado nesta ter\u00e7a-feira pelo ministro Alexandre de Moraes, do<br>Supremo Tribunal Federal, depois que partes do documento foram<br>publicadas.\/ Bolsonaro sempre negou que tenha tomado a vacina para<br>covid-19.\/ Cid teria inserido informa\u00e7\u00f5es falsas no sistema do Minist\u00e9rio<br>da Sa\u00fade para facilitar a entrada e a sa\u00edda nos Estados Unidos,<br>burlando exig\u00eancias contra a covid-19 impostas pelos EUA e tamb\u00e9m<br>pelo Brasil.\/ Os pa\u00edses exigiam a vacina\u00e7\u00e3o contra a doen\u00e7a para se<br>cruzar a fronteira.\/ Bolsonaro embarcou para os EUA com a fam\u00edlia e<br>auxiliares no dia 30 de dezembro, ap\u00f3s derrota na elei\u00e7\u00e3o presidencial<br>de 2022.\/ No relat\u00f3rio, a PF faz uma rela\u00e7\u00e3o da adultera\u00e7\u00e3o do cart\u00e3o<br>de vacina do ent\u00e3o presidente com a tentativa de golpe em 8 de janeiro<br>de 2023, quando as sedes dos Tr\u00eas Poderes foram invadidas e<br>depredadas.\/ Para o delegado F\u00e1bio Alvarez Shor, a inten\u00e7\u00e3o de fraudar<br>o documento est\u00e1 ligada a uma poss\u00edvel solicita\u00e7\u00e3o de perman\u00eancia em<br>outro pa\u00eds.\/ O relat\u00f3rio final da PF deve ser agora encaminhado ao<br>Minist\u00e9rio P\u00fablico Federal, que dever\u00e1 examinar as evid\u00eancias e decidir<br>se apresenta den\u00fancias no caso.\/ A conclus\u00e3o de que \u00e9 falso o registro<br>de imuniza\u00e7\u00e3o contra a covid-19 que consta do cart\u00e3o de vacina\u00e7\u00e3o de<br>Bolsonaro foi tomada pela Controladoria-Geral da Uni\u00e3o em janeiro.\/ A<br>investiga\u00e7\u00e3o iniciou com um pedido \u00e0 Lei de Acesso \u00e0 Informa\u00e7\u00e3o<br>formulado no fim de 2022.\/ Os dados atuais do Minist\u00e9rio da Sa\u00fade, que<br>aparecem no cart\u00e3o de vacina\u00e7\u00e3o, apontam que o presidente se<br>vacinou em 19 de julho de 2021.\/ A CGU, no entanto, constatou que<br>Bolsonaro n\u00e3o estava na capital paulista nesta data e que o lote de<br>vacina\u00e7\u00e3o que consta no sistema da pasta n\u00e3o estava dispon\u00edvel<br>naquela data na UBS onde teria ocorrido a imuniza\u00e7\u00e3o.<\/p>\n","protected":false},"excerpt":{"rendered":"<p>Jair Bolsonaro outras 16 pessoas foram indiciadas pela a Pol\u00edciaFederal por crimes ligados \u00e0 falsifica\u00e7\u00e3o do certificado de vacina\u00e7\u00e3opara covid-19.\/&hellip;<\/p>\n","protected":false},"author":2,"featured_media":0,"comment_status":"open","ping_status":"open","sticky":false,"template":"","format":"standard","meta":{"footnotes":""},"categories":[1],"tags":[],"class_list":["post-937","post","type-post","status-publish","format-standard","hentry","category-sem-categoria"],"_links":{"self":[{"href":"http:\/\/campolargoemdestaque.com.br\/index.php?rest_route=\/wp\/v2\/posts\/937","targetHints":{"allow":["GET"]}}],"collection":[{"href":"http:\/\/campolargoemdestaque.com.br\/index.php?rest_route=\/wp\/v2\/posts"}],"about":[{"href":"http:\/\/campolargoemdestaque.com.br\/index.php?rest_route=\/wp\/v2\/types\/post"}],"author":[{"embeddable":true,"href":"http:\/\/campolargoemdestaque.com.br\/index.php?rest_route=\/wp\/v2\/users\/2"}],"replies":[{"embeddable":true,"href":"http:\/\/campolargoemdestaque.com.br\/index.php?rest_route=%2Fwp%2Fv2%2Fcomments&post=937"}],"version-history":[{"count":1,"href":"http:\/\/campolargoemdestaque.com.br\/index.php?rest_route=\/wp\/v2\/posts\/937\/revisions"}],"predecessor-version":[{"id":938,"href":"http:\/\/campolargoemdestaque.com.br\/index.php?rest_route=\/wp\/v2\/posts\/937\/revisions\/938"}],"wp:attachment":[{"href":"http:\/\/campolargoemdestaque.com.br\/index.php?rest_route=%2Fwp%2Fv2%2Fmedia&parent=937"}],"wp:term":[{"taxonomy":"category","embeddable":true,"href":"http:\/\/campolargoemdestaque.com.br\/index.php?rest_route=%2Fwp%2Fv2%2Fcategories&post=937"},{"taxonomy":"post_tag","embeddable":true,"href":"http:\/\/campolargoemdestaque.com.br\/index.php?rest_route=%2Fwp%2Fv2%2Ftags&post=937"}],"curies":[{"name":"wp","href":"https:\/\/api.w.org\/{rel}","templated":true}]}}