{"id":914,"date":"2024-03-18T05:51:54","date_gmt":"2024-03-18T08:51:54","guid":{"rendered":"http:\/\/campolargoemdestaque.com.br\/?p=914"},"modified":"2024-03-18T05:51:54","modified_gmt":"2024-03-18T08:51:54","slug":"individuo-preso-pela-policia-militar-apos-arrombar-estabelecimento-comercial-em-campo-largo","status":"publish","type":"post","link":"http:\/\/campolargoemdestaque.com.br\/?p=914","title":{"rendered":"Indiv\u00edduo preso pela Pol\u00edcia Militar ap\u00f3s arrombar estabelecimento comercial em Campo Largo"},"content":{"rendered":"\n<p>Por: C\u00e9lio Vigilato&nbsp;&nbsp;15 de Marco de 2024 \u00e0s 10:19:10&nbsp;&nbsp;1353<\/p>\n\n\n\n<blockquote class=\"wp-block-quote is-layout-flow wp-block-quote-is-layout-flow\">\n<p><\/p>\n<\/blockquote>\n\n\n\n<figure class=\"wp-block-image\"><img decoding=\"async\" src=\"https:\/\/www.folhadecampolargo.com.br\/upload\/noticias\/2024\/f517c733a6ba1a5d6a9ba7e176bfc9c9.png\" alt=\"Indiv\u00edduo preso pela Pol\u00edcia Militar ap\u00f3s arrombar estabelecimento comercial em Campo Largo\"\/><\/figure>\n\n\n\n<p>Um indiv\u00edduo foi preso por furto qualificado, ap\u00f3s ser flagrado escondido dentro de um mercadinho na Rua Bar\u00e3o do Rio Branco, nas proximidades da entrada do Parque Newton Puppi, na noite desta quinta-feira (14\/03).<\/p>\n\n\n\n<p>Atrav\u00e9s do 190, os policiais militares da 3\u00aa Cia de Campo Largo tomaram conhecimento do arrombamento do Mercado Zanlorenzi, por volta de 22 horas. De acordo com informa\u00e7\u00f5es da testemunha, o marginal teria entrado pelo telhado.<\/p>\n\n\n\n<p>A equipe da PM adentrou o estabelecimento e flagrou o rapaz de 26 anos de idade, escondido debaixo de uma mesa no interior do com\u00e9rcio. O suspeito estava com uma mochila com v\u00e1rios produtos dentro, alimentos e limpeza.&nbsp;<\/p>\n\n\n\n<p>Diante dos fatos, os policiais deram voz de pris\u00e3o ao abordado e o encaminharam para a 3\u00aa Delegacia Regional de Pol\u00edcia de Campo Largo, para os procedimentos necess\u00e1rios e cab\u00edveis.<\/p>\n\n\n\n<p>15\/03\/2024<\/p>\n\n\n\n<p>Foto: PMPR<\/p>\n","protected":false},"excerpt":{"rendered":"<p>Por: C\u00e9lio Vigilato&nbsp;&nbsp;15 de Marco de 2024 \u00e0s 10:19:10&nbsp;&nbsp;1353 Um indiv\u00edduo foi preso por furto qualificado, ap\u00f3s ser flagrado escondido&hellip;<\/p>\n","protected":false},"author":2,"featured_media":0,"comment_status":"open","ping_status":"open","sticky":false,"template":"","format":"standard","meta":{"footnotes":""},"categories":[1],"tags":[],"class_list":["post-914","post","type-post","status-publish","format-standard","hentry","category-sem-categoria"],"_links":{"self":[{"href":"http:\/\/campolargoemdestaque.com.br\/index.php?rest_route=\/wp\/v2\/posts\/914","targetHints":{"allow":["GET"]}}],"collection":[{"href":"http:\/\/campolargoemdestaque.com.br\/index.php?rest_route=\/wp\/v2\/posts"}],"about":[{"href":"http:\/\/campolargoemdestaque.com.br\/index.php?rest_route=\/wp\/v2\/types\/post"}],"author":[{"embeddable":true,"href":"http:\/\/campolargoemdestaque.com.br\/index.php?rest_route=\/wp\/v2\/users\/2"}],"replies":[{"embeddable":true,"href":"http:\/\/campolargoemdestaque.com.br\/index.php?rest_route=%2Fwp%2Fv2%2Fcomments&post=914"}],"version-history":[{"count":1,"href":"http:\/\/campolargoemdestaque.com.br\/index.php?rest_route=\/wp\/v2\/posts\/914\/revisions"}],"predecessor-version":[{"id":915,"href":"http:\/\/campolargoemdestaque.com.br\/index.php?rest_route=\/wp\/v2\/posts\/914\/revisions\/915"}],"wp:attachment":[{"href":"http:\/\/campolargoemdestaque.com.br\/index.php?rest_route=%2Fwp%2Fv2%2Fmedia&parent=914"}],"wp:term":[{"taxonomy":"category","embeddable":true,"href":"http:\/\/campolargoemdestaque.com.br\/index.php?rest_route=%2Fwp%2Fv2%2Fcategories&post=914"},{"taxonomy":"post_tag","embeddable":true,"href":"http:\/\/campolargoemdestaque.com.br\/index.php?rest_route=%2Fwp%2Fv2%2Ftags&post=914"}],"curies":[{"name":"wp","href":"https:\/\/api.w.org\/{rel}","templated":true}]}}