{"id":740,"date":"2024-03-01T05:31:16","date_gmt":"2024-03-01T08:31:16","guid":{"rendered":"http:\/\/campolargoemdestaque.com.br\/?p=740"},"modified":"2024-03-01T05:31:16","modified_gmt":"2024-03-01T08:31:16","slug":"policia-civil-cumpriu-cinco-mandados-de-prisao-em-apenas-tres-dias","status":"publish","type":"post","link":"http:\/\/campolargoemdestaque.com.br\/?p=740","title":{"rendered":"POL\u00cdCIA CIVIL CUMPRIU CINCO MANDADOS DE PRIS\u00c3O EM APENAS TR\u00caS DIAS"},"content":{"rendered":"\n<p>Nesta semana, cinco pris\u00f5es foram feitas pela pol\u00edcia civil da 3\u00aa Delegacia Regional<br>de Pol\u00edcia de Campo Largo.\/ As primeiras pris\u00f5es aconteceram na tarde de<br>segunda-feira.\/ Um homem de 32 anos de idade, acusado de crime de tr\u00e1fico.\/ O<br>indiv\u00edduo foi flagrado transportando aproximadamente uma tonelada de maconha<br>em 2015.\/ Ainda na tarde da \u00faltima segunda-feira, a equipe da 3\u00aa DRP de Campo<br>Largo cumpriu um mandado de pris\u00e3o de um homem de 40 anos, acusado de<br>estupro de vulner\u00e1vel.\/ O indiv\u00edduo preso foi condenado a uma pena de 13 anos de<br>pris\u00e3o.\/ Na ter\u00e7a-feira, com informa\u00e7\u00f5es de que o homem escondia um rev\u00f3lver em<br>casa , a Pol\u00edcia Civil prendeu em flagrante um indiv\u00edduo de 31 anos, por posse ilegal<br>de arma de fogo de uso permitido.\/ Na abordagem foi apreendido um rev\u00f3lver<br>calibre 22 e seis muni\u00e7\u00f5es do mesmo calibre.\/ Na manh\u00e3 de quarta-feira, dois<br>homens, de 23 e 27 anos de idade, acusados de esfaquear um homem no dia 4 de<br>fevereiro na Vila Solene foram ouvidos na 3\u00aa DRP e presos por tentativa de<br>homic\u00eddio qualificada.<\/p>\n","protected":false},"excerpt":{"rendered":"<p>Nesta semana, cinco pris\u00f5es foram feitas pela pol\u00edcia civil da 3\u00aa Delegacia Regionalde Pol\u00edcia de Campo Largo.\/ As primeiras pris\u00f5es&hellip;<\/p>\n","protected":false},"author":2,"featured_media":0,"comment_status":"open","ping_status":"open","sticky":false,"template":"","format":"standard","meta":{"footnotes":""},"categories":[1],"tags":[],"class_list":["post-740","post","type-post","status-publish","format-standard","hentry","category-sem-categoria"],"_links":{"self":[{"href":"http:\/\/campolargoemdestaque.com.br\/index.php?rest_route=\/wp\/v2\/posts\/740","targetHints":{"allow":["GET"]}}],"collection":[{"href":"http:\/\/campolargoemdestaque.com.br\/index.php?rest_route=\/wp\/v2\/posts"}],"about":[{"href":"http:\/\/campolargoemdestaque.com.br\/index.php?rest_route=\/wp\/v2\/types\/post"}],"author":[{"embeddable":true,"href":"http:\/\/campolargoemdestaque.com.br\/index.php?rest_route=\/wp\/v2\/users\/2"}],"replies":[{"embeddable":true,"href":"http:\/\/campolargoemdestaque.com.br\/index.php?rest_route=%2Fwp%2Fv2%2Fcomments&post=740"}],"version-history":[{"count":1,"href":"http:\/\/campolargoemdestaque.com.br\/index.php?rest_route=\/wp\/v2\/posts\/740\/revisions"}],"predecessor-version":[{"id":741,"href":"http:\/\/campolargoemdestaque.com.br\/index.php?rest_route=\/wp\/v2\/posts\/740\/revisions\/741"}],"wp:attachment":[{"href":"http:\/\/campolargoemdestaque.com.br\/index.php?rest_route=%2Fwp%2Fv2%2Fmedia&parent=740"}],"wp:term":[{"taxonomy":"category","embeddable":true,"href":"http:\/\/campolargoemdestaque.com.br\/index.php?rest_route=%2Fwp%2Fv2%2Fcategories&post=740"},{"taxonomy":"post_tag","embeddable":true,"href":"http:\/\/campolargoemdestaque.com.br\/index.php?rest_route=%2Fwp%2Fv2%2Ftags&post=740"}],"curies":[{"name":"wp","href":"https:\/\/api.w.org\/{rel}","templated":true}]}}